{"id":44991,"date":"2025-03-05T12:35:18","date_gmt":"2025-03-05T10:35:18","guid":{"rendered":"https:\/\/www.isdat.fr\/programmation\/daisy-desrosiers\/"},"modified":"2025-03-06T10:09:04","modified_gmt":"2025-03-06T08:09:04","slug":"daisy-desrosiers","status":"publish","type":"post","link":"https:\/\/www.isdat.fr\/en\/programmation\/daisy-desrosiers\/","title":{"rendered":"Daisy Desrosiers"},"content":{"rendered":"<p><strong>R\u00e9serv\u00e9 aux \u00e9tudiant\u00b7es de l&#8217;AIRA &#8220;Dans le Tout-Monde&#8221; men\u00e9 par Simon Bergala et Samuel Aden<\/strong><\/p>\n<p>L&#8217;intervention de Daisy Desrosiers \u00e0 l&#8217;isdaT s&#8217;inscrit dans le cadre d&#8217;un programme de r\u00e9sidence de la <a href=\"https:\/\/villa-albertine.org\/fr\/\" target=\"_blank\" rel=\"noopener\">Villa Albertine<\/a> dans les \u00e9coles d&#8217;art et de design fran\u00e7aises port\u00e9 conjointement avec l&#8217;<a href=\"https:\/\/andea.fr\" target=\"_blank\" rel=\"noopener\">ANd\u00c9A \u2014 Association Nationale des \u00c9coles Sup\u00e9rieures d\u2019Art<\/a>, et le soutien de la Ford Foundation (\u00c9tats-Unis), visant \u00e0 encourager le renouvellement des r\u00e9flexions entre France et USA autour de la question des diasporas africaines et des approches post-coloniales et d\u00e9coloniales dans les pratiques artistiques et curatoriales.<\/p>\n<p>Durant ce workshop, nous ouvrirons les questions de la perception de l\u2019histoire, et du pr\u00e9sent \u00e0 partir de &#8220;la Trace&#8221; en opposition au monument. Comment partir \u00e0 la recherche de ce qui est cach\u00e9, ce qui n\u2019a pas \u00e9t\u00e9 transmis et n\u2019a pas d\u2019image ? Comment comprendre des formes artistiques qui ne se formulent pas \u00e0 l\u2019int\u00e9rieur d\u2019une structure donn\u00e9e et institu\u00e9e, mais par la convergence consciente, et non consciente, de traces ? Comment imaginer un quotidien dans la mondialit\u00e9 et non pas mondialis\u00e9 ?<\/p>\n<hr \/>\n<p>Daisy Desrosiers est directrice et conservatrice en chef de <a href=\"https:\/\/www.thegund.org\" target=\"_blank\" rel=\"noopener\">The Gund<\/a>, la galerie du Kenyon College, Gambier (Ohio). Auparavant, elle a \u00e9t\u00e9 la premi\u00e8re directrice des programmes pour artistes au Lunder Institute for American Art, un incubateur de recherche et de pratique artistique au sein du Colby College Museum of Art. Avant son passage \u00e0 Colby, elle a travaill\u00e9 comme conseill\u00e8re pour des collectionneurs priv\u00e9s et publics. En 2021, elle a \u00e9t\u00e9 co-commissaire de la premi\u00e8re Triennale du Mus\u00e9e d&#8217;art contemporain de Toronto et a contribu\u00e9 \u00e0 diverses publications telles que <em>As we Rise<\/em> (Aperture) et la Triennale du New Museum, Soft Water Hard Stone.<\/p>\n<p>En mai 2020, elle a \u00e9t\u00e9 critique invit\u00e9e pour le Brooklyn Rail, o\u00f9 elle a invit\u00e9 un \u00e9ventail d&#8217;artistes, de collaborateurs et de penseurs \u00e0 r\u00e9fl\u00e9chir sur la traduction et la mauvaise traduction en tant que processus cr\u00e9atif. En 2018, elle a \u00e9t\u00e9 la premi\u00e8re &#8220;Nicholas Fox Weber Curatorial Fellow&#8221; du Glucksman Museum \u00e0 Cork, en Irlande, et a effectu\u00e9 une r\u00e9sidence de conservation \u00e0 Art in General \u00e0 New York. Son r\u00e9cent travail de conservation comprend <em>No Justice Without Love<\/em>, une exposition en r\u00e9ponse \u00e0 l&#8217;initiative <em>Art for Justice<\/em> \u00e0 la Ford Foundation Gallery (NYC), et <em>Sympathy for the translator<\/em>, pr\u00e9sent\u00e9e en 2022 \u00e0 l&#8217;ICA (Me&amp;Ca) et The Gund. En 2023, elle rejoint le conseil d&#8217;administration de la galerie d&#8217;art de l&#8217;University College Cork (UCC), une universit\u00e9 constitutive de la National University of Ireland.<\/p>\n","protected":false},"excerpt":{"rendered":"<p>R\u00e9serv\u00e9 aux \u00e9tudiant\u00b7es de l&#8217;AIRA &#8220;Dans le Tout-Monde&#8221; men\u00e9 par Simon Bergala et Samuel Aden L&#8217;intervention de Daisy Desrosiers \u00e0 l&#8217;isdaT s&#8217;inscrit dans le cadre d&#8217;un programme de r\u00e9sidence de la Villa Albertine dans les \u00e9coles d&#8217;art et de design fran\u00e7aises port\u00e9 conjointement avec l&#8217;ANd\u00c9A \u2014 Association Nationale des \u00c9coles Sup\u00e9rieures d\u2019Art, et le soutien [&hellip;]<\/p>\n","protected":false},"author":11,"featured_media":0,"comment_status":"open","ping_status":"open","sticky":false,"template":"","format":"standard","meta":{"_acf_changed":false,"footnotes":""},"categories":[78,82,79],"tags":[5,54],"class_list":["post-44991","post","type-post","status-publish","format-standard","hentry","category-art","category-art-en","category-design","tag-workshop","tag-workshop-en"],"acf":[],"yoast_head":"<!-- This site is optimized with the Yoast SEO plugin v28.3 - https:\/\/yoast.com\/product\/yoast-seo-wordpress\/ -->\n<title>Daisy Desrosiers &#8226; isdaT<\/title>\n<meta name=\"robots\" content=\"index, follow, max-snippet:-1, max-image-preview:large, max-video-preview:-1\" \/>\n<link rel=\"canonical\" href=\"https:\/\/www.isdat.fr\/en\/programmation\/daisy-desrosiers\/\" \/>\n<meta property=\"og:locale\" content=\"en_US\" \/>\n<meta property=\"og:type\" content=\"article\" \/>\n<meta property=\"og:title\" content=\"Daisy Desrosiers &#8226; isdaT\" \/>\n<meta property=\"og:description\" content=\"R\u00e9serv\u00e9 aux \u00e9tudiant\u00b7es de l&#8217;AIRA &#8220;Dans le Tout-Monde&#8221; men\u00e9 par Simon Bergala et Samuel Aden L&#8217;intervention de Daisy Desrosiers \u00e0 l&#8217;isdaT s&#8217;inscrit dans le cadre d&#8217;un programme de r\u00e9sidence de la Villa Albertine dans les \u00e9coles d&#8217;art et de design fran\u00e7aises port\u00e9 conjointement avec l&#8217;ANd\u00c9A \u2014 Association Nationale des \u00c9coles Sup\u00e9rieures d\u2019Art, et le soutien [&hellip;]\" \/>\n<meta property=\"og:url\" content=\"https:\/\/www.isdat.fr\/en\/programmation\/daisy-desrosiers\/\" \/>\n<meta property=\"og:site_name\" content=\"isdaT\" \/>\n<meta property=\"article:published_time\" content=\"2025-03-05T10:35:18+00:00\" \/>\n<meta property=\"article:modified_time\" content=\"2025-03-06T08:09:04+00:00\" \/>\n<meta name=\"author\" content=\"Charlotte Pinel\" \/>\n<meta name=\"twitter:card\" content=\"summary_large_image\" \/>\n<meta name=\"twitter:label1\" content=\"Written by\" \/>\n\t<meta name=\"twitter:data1\" content=\"Charlotte Pinel\" \/>\n\t<meta name=\"twitter:label2\" content=\"Est. reading time\" \/>\n\t<meta name=\"twitter:data2\" content=\"3 minutes\" \/>\n<script type=\"application\/ld+json\" class=\"yoast-schema-graph\">{\"@context\":\"https:\\\/\\\/schema.org\",\"@graph\":[{\"@type\":\"Article\",\"@id\":\"https:\\\/\\\/www.isdat.fr\\\/en\\\/programmation\\\/daisy-desrosiers\\\/#article\",\"isPartOf\":{\"@id\":\"https:\\\/\\\/www.isdat.fr\\\/en\\\/programmation\\\/daisy-desrosiers\\\/\"},\"author\":{\"name\":\"Charlotte Pinel\",\"@id\":\"https:\\\/\\\/www.isdat.fr\\\/#\\\/schema\\\/person\\\/866c0b0a8504b2d348a49d7523eb0c98\"},\"headline\":\"Daisy Desrosiers\",\"datePublished\":\"2025-03-05T10:35:18+00:00\",\"dateModified\":\"2025-03-06T08:09:04+00:00\",\"mainEntityOfPage\":{\"@id\":\"https:\\\/\\\/www.isdat.fr\\\/en\\\/programmation\\\/daisy-desrosiers\\\/\"},\"wordCount\":444,\"commentCount\":0,\"keywords\":[\"Workshop\",\"Workshop\"],\"articleSection\":[\"Art\",\"Art\",\"Design\"],\"inLanguage\":\"en-US\",\"potentialAction\":[{\"@type\":\"CommentAction\",\"name\":\"Comment\",\"target\":[\"https:\\\/\\\/www.isdat.fr\\\/en\\\/programmation\\\/daisy-desrosiers\\\/#respond\"]}]},{\"@type\":\"WebPage\",\"@id\":\"https:\\\/\\\/www.isdat.fr\\\/en\\\/programmation\\\/daisy-desrosiers\\\/\",\"url\":\"https:\\\/\\\/www.isdat.fr\\\/en\\\/programmation\\\/daisy-desrosiers\\\/\",\"name\":\"Daisy Desrosiers &#8226; isdaT\",\"isPartOf\":{\"@id\":\"https:\\\/\\\/www.isdat.fr\\\/#website\"},\"datePublished\":\"2025-03-05T10:35:18+00:00\",\"dateModified\":\"2025-03-06T08:09:04+00:00\",\"author\":{\"@id\":\"https:\\\/\\\/www.isdat.fr\\\/#\\\/schema\\\/person\\\/866c0b0a8504b2d348a49d7523eb0c98\"},\"breadcrumb\":{\"@id\":\"https:\\\/\\\/www.isdat.fr\\\/en\\\/programmation\\\/daisy-desrosiers\\\/#breadcrumb\"},\"inLanguage\":\"en-US\",\"potentialAction\":[{\"@type\":\"ReadAction\",\"target\":[\"https:\\\/\\\/www.isdat.fr\\\/en\\\/programmation\\\/daisy-desrosiers\\\/\"]}]},{\"@type\":\"BreadcrumbList\",\"@id\":\"https:\\\/\\\/www.isdat.fr\\\/en\\\/programmation\\\/daisy-desrosiers\\\/#breadcrumb\",\"itemListElement\":[{\"@type\":\"ListItem\",\"position\":1,\"name\":\"Accueil\",\"item\":\"https:\\\/\\\/www.isdat.fr\\\/\"},{\"@type\":\"ListItem\",\"position\":2,\"name\":\"Daisy Desrosiers\"}]},{\"@type\":\"WebSite\",\"@id\":\"https:\\\/\\\/www.isdat.fr\\\/#website\",\"url\":\"https:\\\/\\\/www.isdat.fr\\\/\",\"name\":\"isdaT\",\"description\":\"institut sup\u00e9rieur des arts et du design de Toulouse\",\"potentialAction\":[{\"@type\":\"SearchAction\",\"target\":{\"@type\":\"EntryPoint\",\"urlTemplate\":\"https:\\\/\\\/www.isdat.fr\\\/?s={search_term_string}\"},\"query-input\":{\"@type\":\"PropertyValueSpecification\",\"valueRequired\":true,\"valueName\":\"search_term_string\"}}],\"inLanguage\":\"en-US\"},{\"@type\":\"Person\",\"@id\":\"https:\\\/\\\/www.isdat.fr\\\/#\\\/schema\\\/person\\\/866c0b0a8504b2d348a49d7523eb0c98\",\"name\":\"Charlotte Pinel\",\"image\":{\"@type\":\"ImageObject\",\"inLanguage\":\"en-US\",\"@id\":\"https:\\\/\\\/secure.gravatar.com\\\/avatar\\\/764fd0043ab3a3cd72e7601025fe142d52b7c95f969529ba2655e2c3e0df98e7?s=96&d=mm&r=g\",\"url\":\"https:\\\/\\\/secure.gravatar.com\\\/avatar\\\/764fd0043ab3a3cd72e7601025fe142d52b7c95f969529ba2655e2c3e0df98e7?s=96&d=mm&r=g\",\"contentUrl\":\"https:\\\/\\\/secure.gravatar.com\\\/avatar\\\/764fd0043ab3a3cd72e7601025fe142d52b7c95f969529ba2655e2c3e0df98e7?s=96&d=mm&r=g\",\"caption\":\"Charlotte Pinel\"}}]}<\/script>\n<!-- \/ Yoast SEO plugin. -->","yoast_head_json":{"title":"Daisy Desrosiers &#8226; isdaT","robots":{"index":"index","follow":"follow","max-snippet":"max-snippet:-1","max-image-preview":"max-image-preview:large","max-video-preview":"max-video-preview:-1"},"canonical":"https:\/\/www.isdat.fr\/en\/programmation\/daisy-desrosiers\/","og_locale":"en_US","og_type":"article","og_title":"Daisy Desrosiers &#8226; isdaT","og_description":"R\u00e9serv\u00e9 aux \u00e9tudiant\u00b7es de l&#8217;AIRA &#8220;Dans le Tout-Monde&#8221; men\u00e9 par Simon Bergala et Samuel Aden L&#8217;intervention de Daisy Desrosiers \u00e0 l&#8217;isdaT s&#8217;inscrit dans le cadre d&#8217;un programme de r\u00e9sidence de la Villa Albertine dans les \u00e9coles d&#8217;art et de design fran\u00e7aises port\u00e9 conjointement avec l&#8217;ANd\u00c9A \u2014 Association Nationale des \u00c9coles Sup\u00e9rieures d\u2019Art, et le soutien [&hellip;]","og_url":"https:\/\/www.isdat.fr\/en\/programmation\/daisy-desrosiers\/","og_site_name":"isdaT","article_published_time":"2025-03-05T10:35:18+00:00","article_modified_time":"2025-03-06T08:09:04+00:00","author":"Charlotte Pinel","twitter_card":"summary_large_image","twitter_misc":{"Written by":"Charlotte Pinel","Est. reading time":"3 minutes"},"schema":{"@context":"https:\/\/schema.org","@graph":[{"@type":"Article","@id":"https:\/\/www.isdat.fr\/en\/programmation\/daisy-desrosiers\/#article","isPartOf":{"@id":"https:\/\/www.isdat.fr\/en\/programmation\/daisy-desrosiers\/"},"author":{"name":"Charlotte Pinel","@id":"https:\/\/www.isdat.fr\/#\/schema\/person\/866c0b0a8504b2d348a49d7523eb0c98"},"headline":"Daisy Desrosiers","datePublished":"2025-03-05T10:35:18+00:00","dateModified":"2025-03-06T08:09:04+00:00","mainEntityOfPage":{"@id":"https:\/\/www.isdat.fr\/en\/programmation\/daisy-desrosiers\/"},"wordCount":444,"commentCount":0,"keywords":["Workshop","Workshop"],"articleSection":["Art","Art","Design"],"inLanguage":"en-US","potentialAction":[{"@type":"CommentAction","name":"Comment","target":["https:\/\/www.isdat.fr\/en\/programmation\/daisy-desrosiers\/#respond"]}]},{"@type":"WebPage","@id":"https:\/\/www.isdat.fr\/en\/programmation\/daisy-desrosiers\/","url":"https:\/\/www.isdat.fr\/en\/programmation\/daisy-desrosiers\/","name":"Daisy Desrosiers &#8226; isdaT","isPartOf":{"@id":"https:\/\/www.isdat.fr\/#website"},"datePublished":"2025-03-05T10:35:18+00:00","dateModified":"2025-03-06T08:09:04+00:00","author":{"@id":"https:\/\/www.isdat.fr\/#\/schema\/person\/866c0b0a8504b2d348a49d7523eb0c98"},"breadcrumb":{"@id":"https:\/\/www.isdat.fr\/en\/programmation\/daisy-desrosiers\/#breadcrumb"},"inLanguage":"en-US","potentialAction":[{"@type":"ReadAction","target":["https:\/\/www.isdat.fr\/en\/programmation\/daisy-desrosiers\/"]}]},{"@type":"BreadcrumbList","@id":"https:\/\/www.isdat.fr\/en\/programmation\/daisy-desrosiers\/#breadcrumb","itemListElement":[{"@type":"ListItem","position":1,"name":"Accueil","item":"https:\/\/www.isdat.fr\/"},{"@type":"ListItem","position":2,"name":"Daisy Desrosiers"}]},{"@type":"WebSite","@id":"https:\/\/www.isdat.fr\/#website","url":"https:\/\/www.isdat.fr\/","name":"isdaT","description":"institut sup\u00e9rieur des arts et du design de Toulouse","potentialAction":[{"@type":"SearchAction","target":{"@type":"EntryPoint","urlTemplate":"https:\/\/www.isdat.fr\/?s={search_term_string}"},"query-input":{"@type":"PropertyValueSpecification","valueRequired":true,"valueName":"search_term_string"}}],"inLanguage":"en-US"},{"@type":"Person","@id":"https:\/\/www.isdat.fr\/#\/schema\/person\/866c0b0a8504b2d348a49d7523eb0c98","name":"Charlotte Pinel","image":{"@type":"ImageObject","inLanguage":"en-US","@id":"https:\/\/secure.gravatar.com\/avatar\/764fd0043ab3a3cd72e7601025fe142d52b7c95f969529ba2655e2c3e0df98e7?s=96&d=mm&r=g","url":"https:\/\/secure.gravatar.com\/avatar\/764fd0043ab3a3cd72e7601025fe142d52b7c95f969529ba2655e2c3e0df98e7?s=96&d=mm&r=g","contentUrl":"https:\/\/secure.gravatar.com\/avatar\/764fd0043ab3a3cd72e7601025fe142d52b7c95f969529ba2655e2c3e0df98e7?s=96&d=mm&r=g","caption":"Charlotte Pinel"}}]}},"_links":{"self":[{"href":"https:\/\/www.isdat.fr\/en\/wp-json\/wp\/v2\/posts\/44991","targetHints":{"allow":["GET"]}}],"collection":[{"href":"https:\/\/www.isdat.fr\/en\/wp-json\/wp\/v2\/posts"}],"about":[{"href":"https:\/\/www.isdat.fr\/en\/wp-json\/wp\/v2\/types\/post"}],"author":[{"embeddable":true,"href":"https:\/\/www.isdat.fr\/en\/wp-json\/wp\/v2\/users\/11"}],"replies":[{"embeddable":true,"href":"https:\/\/www.isdat.fr\/en\/wp-json\/wp\/v2\/comments?post=44991"}],"version-history":[{"count":4,"href":"https:\/\/www.isdat.fr\/en\/wp-json\/wp\/v2\/posts\/44991\/revisions"}],"predecessor-version":[{"id":45015,"href":"https:\/\/www.isdat.fr\/en\/wp-json\/wp\/v2\/posts\/44991\/revisions\/45015"}],"wp:attachment":[{"href":"https:\/\/www.isdat.fr\/en\/wp-json\/wp\/v2\/media?parent=44991"}],"wp:term":[{"taxonomy":"category","embeddable":true,"href":"https:\/\/www.isdat.fr\/en\/wp-json\/wp\/v2\/categories?post=44991"},{"taxonomy":"post_tag","embeddable":true,"href":"https:\/\/www.isdat.fr\/en\/wp-json\/wp\/v2\/tags?post=44991"}],"curies":[{"name":"wp","href":"https:\/\/api.w.org\/{rel}","templated":true}]}}