{"id":13309,"date":"2017-12-22T09:36:00","date_gmt":"2017-12-22T08:36:00","guid":{"rendered":"https:\/\/www.isdat.fr\/programmation\/masterclass-violoncelle-roland-pidoux\/"},"modified":"2023-03-21T12:31:03","modified_gmt":"2023-03-21T10:31:03","slug":"masterclass-violoncelle-roland-pidoux","status":"publish","type":"post","link":"https:\/\/www.isdat.fr\/en\/programmation\/masterclass-violoncelle-roland-pidoux\/","title":{"rendered":"Masterclass violoncelle avec Roland Pidoux"},"content":{"rendered":"<p><strong>R\u00e9serv\u00e9e aux \u00e9tudiant\u00b7es en DNSPM\u00a0violoncelle<br \/>\n<\/strong><\/p>\n<p>Masterclass en partenariat avec le <a href=\"https:\/\/conservatoirerayonnementregional.toulouse.fr\" target=\"_blank\" rel=\"noopener\">CRR de Toulouse<\/a>.<\/p>\n<hr \/>\n<p>Roland Pidoux \u00e9tudie au <a href=\"http:\/\/www.conservatoiredeparis.fr\/accueil\/\" target=\"_blank\" rel=\"noopener noreferrer\">Conservatoire de Paris<\/a> jusqu\u2019en 1966. Ses ma\u00eetres sont Andr\u00e9 Navarra, Jean Hubeau et Joseph Calvet.\u00a0Il entre \u00e0 l\u2019<a href=\"https:\/\/www.operadeparis.fr\/artistes\/orchestre-et-choeurs\" target=\"_blank\" rel=\"noopener noreferrer\">Orchestre de l\u2019Op\u00e9ra de Paris<\/a> en 1969, puis devient violoncelle solo \u00e0 l\u2019<a href=\"http:\/\/www.maisondelaradio.fr\/concerts-classiques\/orchestre-national-de-france\" target=\"_blank\" rel=\"noopener noreferrer\">Orchestre national de France<\/a> de 1978 \u00e0 1987.<br \/>\nIl a fait partie du <a href=\"http:\/\/mouillere.com\/\" target=\"_blank\" rel=\"noopener noreferrer\">Quatuor Via Nova<\/a>, puis du Trio Pasquier avec R\u00e9gis Pasquier (violon) et Bruno Pasquier (alto) et a form\u00e9 un trio avec piano en compagnie de Jean-Claude Pennetier et R\u00e9gis Pasquier.\u00a0De 1988 \u00e0 2015, Roland Pidoux est professeur au Conservatoire de Paris et directeur artistique des <a href=\"http:\/\/www.belaye-violoncelle.fr\/\" target=\"_blank\" rel=\"noopener noreferrer\">Rencontres de violoncelle de B\u00e9laye<\/a> (Lot). Il enseigne actuellement \u00e0 l\u2019<a href=\"http:\/\/www.ecolenormalecortot.com\" target=\"_blank\" rel=\"noopener noreferrer\">\u00c9cole Normale de musique Alfred Cortot<\/a> \u00e0 Paris.<\/p>\n<hr \/>\n<h3>Pr\u00e9c\u00e9dentes masterclass<\/h3>\n<ul>\n<li>lundi 16 mai 2022<\/li>\n<li>jeudi 12 mars 2020<\/li>\n<li>vendredi 17 janvier 2020<\/li>\n<li>jeudi 17 janvier 2019<\/li>\n<li>les 22 et 23 novembre 2018<\/li>\n<li>les 12 et 13 avril 2018<\/li>\n<li>les 25 et 26 janvier 2018<\/li>\n<\/ul>\n","protected":false},"excerpt":{"rendered":"<p>R\u00e9serv\u00e9e aux \u00e9tudiant\u00b7es en DNSPM\u00a0violoncelle Masterclass en partenariat avec le CRR de Toulouse. Roland Pidoux \u00e9tudie au Conservatoire de Paris jusqu\u2019en 1966. Ses ma\u00eetres sont Andr\u00e9 Navarra, Jean Hubeau et Joseph Calvet.\u00a0Il entre \u00e0 l\u2019Orchestre de l\u2019Op\u00e9ra de Paris en 1969, puis devient violoncelle solo \u00e0 l\u2019Orchestre national de France de 1978 \u00e0 1987. Il [&hellip;]<\/p>\n","protected":false},"author":11,"featured_media":16977,"comment_status":"open","ping_status":"open","sticky":false,"template":"","format":"standard","meta":{"_acf_changed":false,"footnotes":""},"categories":[89,85],"tags":[20,65],"class_list":["post-13309","post","type-post","status-publish","format-standard","has-post-thumbnail","hentry","category-music-en","category-musique","tag-masterclass","tag-masterclass-en"],"acf":[],"yoast_head":"<!-- This site is optimized with the Yoast SEO plugin v28.3 - https:\/\/yoast.com\/product\/yoast-seo-wordpress\/ -->\n<title>Masterclass violoncelle avec Roland Pidoux &#8226; isdaT<\/title>\n<meta name=\"description\" content=\"Roland Pidoux, violoncelle solo \u00e0 l\u2019Orchestre national de France de 1978 \u00e0 1987, enseigne le violoncelle \u00e0 l\u2019\u00c9cole Normale de musique Alfred Cortot \u00e0 Paris\" \/>\n<meta name=\"robots\" content=\"index, follow, max-snippet:-1, max-image-preview:large, max-video-preview:-1\" \/>\n<link rel=\"canonical\" href=\"https:\/\/www.isdat.fr\/en\/programmation\/masterclass-violoncelle-roland-pidoux\/\" \/>\n<meta property=\"og:locale\" content=\"en_US\" \/>\n<meta property=\"og:type\" content=\"article\" \/>\n<meta property=\"og:title\" content=\"Masterclass violoncelle avec Roland Pidoux &#8226; isdaT\" \/>\n<meta property=\"og:description\" content=\"Roland Pidoux, violoncelle solo \u00e0 l\u2019Orchestre national de France de 1978 \u00e0 1987, enseigne le violoncelle \u00e0 l\u2019\u00c9cole Normale de musique Alfred Cortot \u00e0 Paris\" \/>\n<meta property=\"og:url\" content=\"https:\/\/www.isdat.fr\/en\/programmation\/masterclass-violoncelle-roland-pidoux\/\" \/>\n<meta property=\"og:site_name\" content=\"isdaT\" \/>\n<meta property=\"article:published_time\" content=\"2017-12-22T08:36:00+00:00\" \/>\n<meta property=\"article:modified_time\" content=\"2023-03-21T10:31:03+00:00\" \/>\n<meta property=\"og:image\" content=\"https:\/\/www.isdat.fr\/content\/uploads\/2017\/12\/Roland-Pidoux-c-Laure-Vasconi-2400.jpg\" \/>\n\t<meta property=\"og:image:width\" content=\"700\" \/>\n\t<meta property=\"og:image:height\" content=\"1052\" \/>\n\t<meta property=\"og:image:type\" content=\"image\/jpeg\" \/>\n<meta name=\"author\" content=\"Charlotte Pinel\" \/>\n<meta name=\"twitter:card\" content=\"summary_large_image\" \/>\n<meta name=\"twitter:label1\" content=\"Written by\" \/>\n\t<meta name=\"twitter:data1\" content=\"Charlotte Pinel\" \/>\n\t<meta name=\"twitter:label2\" content=\"Est. reading time\" \/>\n\t<meta name=\"twitter:data2\" content=\"1 minute\" \/>\n<script type=\"application\/ld+json\" class=\"yoast-schema-graph\">{\"@context\":\"https:\\\/\\\/schema.org\",\"@graph\":[{\"@type\":\"Article\",\"@id\":\"https:\\\/\\\/www.isdat.fr\\\/en\\\/programmation\\\/masterclass-violoncelle-roland-pidoux\\\/#article\",\"isPartOf\":{\"@id\":\"https:\\\/\\\/www.isdat.fr\\\/en\\\/programmation\\\/masterclass-violoncelle-roland-pidoux\\\/\"},\"author\":{\"name\":\"Charlotte Pinel\",\"@id\":\"https:\\\/\\\/www.isdat.fr\\\/#\\\/schema\\\/person\\\/866c0b0a8504b2d348a49d7523eb0c98\"},\"headline\":\"Masterclass violoncelle avec Roland Pidoux\",\"datePublished\":\"2017-12-22T08:36:00+00:00\",\"dateModified\":\"2023-03-21T10:31:03+00:00\",\"mainEntityOfPage\":{\"@id\":\"https:\\\/\\\/www.isdat.fr\\\/en\\\/programmation\\\/masterclass-violoncelle-roland-pidoux\\\/\"},\"wordCount\":152,\"commentCount\":0,\"image\":{\"@id\":\"https:\\\/\\\/www.isdat.fr\\\/en\\\/programmation\\\/masterclass-violoncelle-roland-pidoux\\\/#primaryimage\"},\"thumbnailUrl\":\"https:\\\/\\\/www.isdat.fr\\\/content\\\/uploads\\\/2017\\\/12\\\/Roland-Pidoux-c-Laure-Vasconi-2400.jpg\",\"keywords\":[\"Masterclass\",\"Masterclass\"],\"articleSection\":[\"Music\",\"Musique\"],\"inLanguage\":\"en-US\",\"potentialAction\":[{\"@type\":\"CommentAction\",\"name\":\"Comment\",\"target\":[\"https:\\\/\\\/www.isdat.fr\\\/en\\\/programmation\\\/masterclass-violoncelle-roland-pidoux\\\/#respond\"]}]},{\"@type\":\"WebPage\",\"@id\":\"https:\\\/\\\/www.isdat.fr\\\/en\\\/programmation\\\/masterclass-violoncelle-roland-pidoux\\\/\",\"url\":\"https:\\\/\\\/www.isdat.fr\\\/en\\\/programmation\\\/masterclass-violoncelle-roland-pidoux\\\/\",\"name\":\"Masterclass violoncelle avec Roland Pidoux &#8226; isdaT\",\"isPartOf\":{\"@id\":\"https:\\\/\\\/www.isdat.fr\\\/#website\"},\"primaryImageOfPage\":{\"@id\":\"https:\\\/\\\/www.isdat.fr\\\/en\\\/programmation\\\/masterclass-violoncelle-roland-pidoux\\\/#primaryimage\"},\"image\":{\"@id\":\"https:\\\/\\\/www.isdat.fr\\\/en\\\/programmation\\\/masterclass-violoncelle-roland-pidoux\\\/#primaryimage\"},\"thumbnailUrl\":\"https:\\\/\\\/www.isdat.fr\\\/content\\\/uploads\\\/2017\\\/12\\\/Roland-Pidoux-c-Laure-Vasconi-2400.jpg\",\"datePublished\":\"2017-12-22T08:36:00+00:00\",\"dateModified\":\"2023-03-21T10:31:03+00:00\",\"author\":{\"@id\":\"https:\\\/\\\/www.isdat.fr\\\/#\\\/schema\\\/person\\\/866c0b0a8504b2d348a49d7523eb0c98\"},\"description\":\"Roland Pidoux, violoncelle solo \u00e0 l\u2019Orchestre national de France de 1978 \u00e0 1987, enseigne le violoncelle \u00e0 l\u2019\u00c9cole Normale de musique Alfred Cortot \u00e0 Paris\",\"breadcrumb\":{\"@id\":\"https:\\\/\\\/www.isdat.fr\\\/en\\\/programmation\\\/masterclass-violoncelle-roland-pidoux\\\/#breadcrumb\"},\"inLanguage\":\"en-US\",\"potentialAction\":[{\"@type\":\"ReadAction\",\"target\":[\"https:\\\/\\\/www.isdat.fr\\\/en\\\/programmation\\\/masterclass-violoncelle-roland-pidoux\\\/\"]}]},{\"@type\":\"ImageObject\",\"inLanguage\":\"en-US\",\"@id\":\"https:\\\/\\\/www.isdat.fr\\\/en\\\/programmation\\\/masterclass-violoncelle-roland-pidoux\\\/#primaryimage\",\"url\":\"https:\\\/\\\/www.isdat.fr\\\/content\\\/uploads\\\/2017\\\/12\\\/Roland-Pidoux-c-Laure-Vasconi-2400.jpg\",\"contentUrl\":\"https:\\\/\\\/www.isdat.fr\\\/content\\\/uploads\\\/2017\\\/12\\\/Roland-Pidoux-c-Laure-Vasconi-2400.jpg\",\"width\":700,\"height\":1052,\"caption\":\"Portrait \u00a9 Laure Vasconi\"},{\"@type\":\"BreadcrumbList\",\"@id\":\"https:\\\/\\\/www.isdat.fr\\\/en\\\/programmation\\\/masterclass-violoncelle-roland-pidoux\\\/#breadcrumb\",\"itemListElement\":[{\"@type\":\"ListItem\",\"position\":1,\"name\":\"Accueil\",\"item\":\"https:\\\/\\\/www.isdat.fr\\\/\"},{\"@type\":\"ListItem\",\"position\":2,\"name\":\"Masterclass violoncelle avec Roland Pidoux\"}]},{\"@type\":\"WebSite\",\"@id\":\"https:\\\/\\\/www.isdat.fr\\\/#website\",\"url\":\"https:\\\/\\\/www.isdat.fr\\\/\",\"name\":\"isdaT\",\"description\":\"institut sup\u00e9rieur des arts et du design de Toulouse\",\"potentialAction\":[{\"@type\":\"SearchAction\",\"target\":{\"@type\":\"EntryPoint\",\"urlTemplate\":\"https:\\\/\\\/www.isdat.fr\\\/?s={search_term_string}\"},\"query-input\":{\"@type\":\"PropertyValueSpecification\",\"valueRequired\":true,\"valueName\":\"search_term_string\"}}],\"inLanguage\":\"en-US\"},{\"@type\":\"Person\",\"@id\":\"https:\\\/\\\/www.isdat.fr\\\/#\\\/schema\\\/person\\\/866c0b0a8504b2d348a49d7523eb0c98\",\"name\":\"Charlotte Pinel\",\"image\":{\"@type\":\"ImageObject\",\"inLanguage\":\"en-US\",\"@id\":\"https:\\\/\\\/secure.gravatar.com\\\/avatar\\\/764fd0043ab3a3cd72e7601025fe142d52b7c95f969529ba2655e2c3e0df98e7?s=96&d=mm&r=g\",\"url\":\"https:\\\/\\\/secure.gravatar.com\\\/avatar\\\/764fd0043ab3a3cd72e7601025fe142d52b7c95f969529ba2655e2c3e0df98e7?s=96&d=mm&r=g\",\"contentUrl\":\"https:\\\/\\\/secure.gravatar.com\\\/avatar\\\/764fd0043ab3a3cd72e7601025fe142d52b7c95f969529ba2655e2c3e0df98e7?s=96&d=mm&r=g\",\"caption\":\"Charlotte Pinel\"}}]}<\/script>\n<!-- \/ Yoast SEO plugin. -->","yoast_head_json":{"title":"Masterclass violoncelle avec Roland Pidoux &#8226; isdaT","description":"Roland Pidoux, violoncelle solo \u00e0 l\u2019Orchestre national de France de 1978 \u00e0 1987, enseigne le violoncelle \u00e0 l\u2019\u00c9cole Normale de musique Alfred Cortot \u00e0 Paris","robots":{"index":"index","follow":"follow","max-snippet":"max-snippet:-1","max-image-preview":"max-image-preview:large","max-video-preview":"max-video-preview:-1"},"canonical":"https:\/\/www.isdat.fr\/en\/programmation\/masterclass-violoncelle-roland-pidoux\/","og_locale":"en_US","og_type":"article","og_title":"Masterclass violoncelle avec Roland Pidoux &#8226; isdaT","og_description":"Roland Pidoux, violoncelle solo \u00e0 l\u2019Orchestre national de France de 1978 \u00e0 1987, enseigne le violoncelle \u00e0 l\u2019\u00c9cole Normale de musique Alfred Cortot \u00e0 Paris","og_url":"https:\/\/www.isdat.fr\/en\/programmation\/masterclass-violoncelle-roland-pidoux\/","og_site_name":"isdaT","article_published_time":"2017-12-22T08:36:00+00:00","article_modified_time":"2023-03-21T10:31:03+00:00","og_image":[{"width":700,"height":1052,"url":"https:\/\/www.isdat.fr\/content\/uploads\/2017\/12\/Roland-Pidoux-c-Laure-Vasconi-2400.jpg","type":"image\/jpeg"}],"author":"Charlotte Pinel","twitter_card":"summary_large_image","twitter_misc":{"Written by":"Charlotte Pinel","Est. reading time":"1 minute"},"schema":{"@context":"https:\/\/schema.org","@graph":[{"@type":"Article","@id":"https:\/\/www.isdat.fr\/en\/programmation\/masterclass-violoncelle-roland-pidoux\/#article","isPartOf":{"@id":"https:\/\/www.isdat.fr\/en\/programmation\/masterclass-violoncelle-roland-pidoux\/"},"author":{"name":"Charlotte Pinel","@id":"https:\/\/www.isdat.fr\/#\/schema\/person\/866c0b0a8504b2d348a49d7523eb0c98"},"headline":"Masterclass violoncelle avec Roland Pidoux","datePublished":"2017-12-22T08:36:00+00:00","dateModified":"2023-03-21T10:31:03+00:00","mainEntityOfPage":{"@id":"https:\/\/www.isdat.fr\/en\/programmation\/masterclass-violoncelle-roland-pidoux\/"},"wordCount":152,"commentCount":0,"image":{"@id":"https:\/\/www.isdat.fr\/en\/programmation\/masterclass-violoncelle-roland-pidoux\/#primaryimage"},"thumbnailUrl":"https:\/\/www.isdat.fr\/content\/uploads\/2017\/12\/Roland-Pidoux-c-Laure-Vasconi-2400.jpg","keywords":["Masterclass","Masterclass"],"articleSection":["Music","Musique"],"inLanguage":"en-US","potentialAction":[{"@type":"CommentAction","name":"Comment","target":["https:\/\/www.isdat.fr\/en\/programmation\/masterclass-violoncelle-roland-pidoux\/#respond"]}]},{"@type":"WebPage","@id":"https:\/\/www.isdat.fr\/en\/programmation\/masterclass-violoncelle-roland-pidoux\/","url":"https:\/\/www.isdat.fr\/en\/programmation\/masterclass-violoncelle-roland-pidoux\/","name":"Masterclass violoncelle avec Roland Pidoux &#8226; isdaT","isPartOf":{"@id":"https:\/\/www.isdat.fr\/#website"},"primaryImageOfPage":{"@id":"https:\/\/www.isdat.fr\/en\/programmation\/masterclass-violoncelle-roland-pidoux\/#primaryimage"},"image":{"@id":"https:\/\/www.isdat.fr\/en\/programmation\/masterclass-violoncelle-roland-pidoux\/#primaryimage"},"thumbnailUrl":"https:\/\/www.isdat.fr\/content\/uploads\/2017\/12\/Roland-Pidoux-c-Laure-Vasconi-2400.jpg","datePublished":"2017-12-22T08:36:00+00:00","dateModified":"2023-03-21T10:31:03+00:00","author":{"@id":"https:\/\/www.isdat.fr\/#\/schema\/person\/866c0b0a8504b2d348a49d7523eb0c98"},"description":"Roland Pidoux, violoncelle solo \u00e0 l\u2019Orchestre national de France de 1978 \u00e0 1987, enseigne le violoncelle \u00e0 l\u2019\u00c9cole Normale de musique Alfred Cortot \u00e0 Paris","breadcrumb":{"@id":"https:\/\/www.isdat.fr\/en\/programmation\/masterclass-violoncelle-roland-pidoux\/#breadcrumb"},"inLanguage":"en-US","potentialAction":[{"@type":"ReadAction","target":["https:\/\/www.isdat.fr\/en\/programmation\/masterclass-violoncelle-roland-pidoux\/"]}]},{"@type":"ImageObject","inLanguage":"en-US","@id":"https:\/\/www.isdat.fr\/en\/programmation\/masterclass-violoncelle-roland-pidoux\/#primaryimage","url":"https:\/\/www.isdat.fr\/content\/uploads\/2017\/12\/Roland-Pidoux-c-Laure-Vasconi-2400.jpg","contentUrl":"https:\/\/www.isdat.fr\/content\/uploads\/2017\/12\/Roland-Pidoux-c-Laure-Vasconi-2400.jpg","width":700,"height":1052,"caption":"Portrait \u00a9 Laure Vasconi"},{"@type":"BreadcrumbList","@id":"https:\/\/www.isdat.fr\/en\/programmation\/masterclass-violoncelle-roland-pidoux\/#breadcrumb","itemListElement":[{"@type":"ListItem","position":1,"name":"Accueil","item":"https:\/\/www.isdat.fr\/"},{"@type":"ListItem","position":2,"name":"Masterclass violoncelle avec Roland Pidoux"}]},{"@type":"WebSite","@id":"https:\/\/www.isdat.fr\/#website","url":"https:\/\/www.isdat.fr\/","name":"isdaT","description":"institut sup\u00e9rieur des arts et du design de Toulouse","potentialAction":[{"@type":"SearchAction","target":{"@type":"EntryPoint","urlTemplate":"https:\/\/www.isdat.fr\/?s={search_term_string}"},"query-input":{"@type":"PropertyValueSpecification","valueRequired":true,"valueName":"search_term_string"}}],"inLanguage":"en-US"},{"@type":"Person","@id":"https:\/\/www.isdat.fr\/#\/schema\/person\/866c0b0a8504b2d348a49d7523eb0c98","name":"Charlotte Pinel","image":{"@type":"ImageObject","inLanguage":"en-US","@id":"https:\/\/secure.gravatar.com\/avatar\/764fd0043ab3a3cd72e7601025fe142d52b7c95f969529ba2655e2c3e0df98e7?s=96&d=mm&r=g","url":"https:\/\/secure.gravatar.com\/avatar\/764fd0043ab3a3cd72e7601025fe142d52b7c95f969529ba2655e2c3e0df98e7?s=96&d=mm&r=g","contentUrl":"https:\/\/secure.gravatar.com\/avatar\/764fd0043ab3a3cd72e7601025fe142d52b7c95f969529ba2655e2c3e0df98e7?s=96&d=mm&r=g","caption":"Charlotte Pinel"}}]}},"_links":{"self":[{"href":"https:\/\/www.isdat.fr\/en\/wp-json\/wp\/v2\/posts\/13309","targetHints":{"allow":["GET"]}}],"collection":[{"href":"https:\/\/www.isdat.fr\/en\/wp-json\/wp\/v2\/posts"}],"about":[{"href":"https:\/\/www.isdat.fr\/en\/wp-json\/wp\/v2\/types\/post"}],"author":[{"embeddable":true,"href":"https:\/\/www.isdat.fr\/en\/wp-json\/wp\/v2\/users\/11"}],"replies":[{"embeddable":true,"href":"https:\/\/www.isdat.fr\/en\/wp-json\/wp\/v2\/comments?post=13309"}],"version-history":[{"count":15,"href":"https:\/\/www.isdat.fr\/en\/wp-json\/wp\/v2\/posts\/13309\/revisions"}],"predecessor-version":[{"id":37160,"href":"https:\/\/www.isdat.fr\/en\/wp-json\/wp\/v2\/posts\/13309\/revisions\/37160"}],"wp:featuredmedia":[{"embeddable":true,"href":"https:\/\/www.isdat.fr\/en\/wp-json\/wp\/v2\/media\/16977"}],"wp:attachment":[{"href":"https:\/\/www.isdat.fr\/en\/wp-json\/wp\/v2\/media?parent=13309"}],"wp:term":[{"taxonomy":"category","embeddable":true,"href":"https:\/\/www.isdat.fr\/en\/wp-json\/wp\/v2\/categories?post=13309"},{"taxonomy":"post_tag","embeddable":true,"href":"https:\/\/www.isdat.fr\/en\/wp-json\/wp\/v2\/tags?post=13309"}],"curies":[{"name":"wp","href":"https:\/\/api.w.org\/{rel}","templated":true}]}}